{"id":145,"date":"2021-06-22T20:31:44","date_gmt":"2021-06-22T18:31:44","guid":{"rendered":"https:\/\/curiara.com\/europa\/?p=145"},"modified":"2024-06-20T15:40:51","modified_gmt":"2024-06-20T13:40:51","slug":"reagrupamento-familiar-um-sonho-legalmente-possivel","status":"publish","type":"post","link":"https:\/\/curiara.com\/europa\/pt\/reagrupacion-familiar-un-sueno-legalmente-posible\/","title":{"rendered":"Reagrupamento familiar, um sonho legalmente poss\u00edvel"},"content":{"rendered":"<p>Cristina S\u00e1ez ainda se lembra do dia em que deixou a sua casa e pensou: \"m\u00e3e, pai, irm\u00e3os, fam\u00edlia... tenho de ir \u00e0 procura de um futuro melhor para todos, para mim\".&nbsp;<\/p>\n\n\n\n<p>Uma decis\u00e3o que representou uma mistura de emo\u00e7\u00f5es. Crescer, enfrentar um mundo que n\u00e3o conhecia, aprender muitas coisas novas. E tamb\u00e9m aquele desejo recorrente de partilhar cada momento, cada lugar, cada experi\u00eancia com a sua fam\u00edlia e amigos. \"Como a minha m\u00e3e ia adorar este parque\", \"Consigo imaginar o meu pai nesta praia\", \"Tenho tantas saudades da minha av\u00f3! Alguma vez se sentiu assim?<\/p>\n\n\n\n<p>Ela recorda esse pensamento como o primeiro passo para grandes realiza\u00e7\u00f5es. A sua ideia de procurar um futuro melhor materializou-se no momento em que se apercebeu de que era perfeitamente poss\u00edvel reunir a sua fam\u00edlia no seu novo ambiente, seguro e feliz.<\/p>\n\n\n\n<p>Como \u00e9 que ele descobriu? Quando se apercebeu que a legisla\u00e7\u00e3o espanhola permitia o reagrupamento familiar e disse para si pr\u00f3prio: vou pedir-lhes para virem viver para c\u00e1!<\/p>\n\n\n\n<p>Cristina procurou o conselho de um advogado especializado. A primeira coisa que lhe recomendaram foi identificar o tipo de perfil que tinha aos olhos da lei: cidad\u00e3 da UE ou residente com autoriza\u00e7\u00e3o v\u00e1lida. Em ambos os casos \u00e9 poss\u00edvel efetuar o procedimento, cada um com as suas particularidades:<\/p>\n\n\n\n<ul class=\"wp-block-list\">\n<li><strong>Membros da fam\u00edlia de cidad\u00e3os da UE<\/strong>&nbsp;(Cart\u00e3o de fam\u00edlia de cidad\u00e3o da UE)<\/li>\n<\/ul>\n\n\n\n<p>Nesta categoria podemos processar o reagrupamento de ascendentes dependentes, c\u00f4njuge, pessoa em uni\u00e3o de facto (registada ou n\u00e3o), descendentes menores de 21 anos ou maiores de 21 anos (dependentes ou incapazes), ou qualquer outro familiar. O que a doutrina chama de \"fam\u00edlia alargada\".<\/p>\n\n\n\n<ul class=\"wp-block-list\">\n<li><strong>Familiares de residentes com autoriza\u00e7\u00e3o renovada ou em processo de renova\u00e7\u00e3o da autoriza\u00e7\u00e3o<\/strong>&nbsp;(Reagrupamento familiar. Regime ordin\u00e1rio)<\/li>\n<\/ul>\n\n\n\n<p>Nesta categoria, podemos tratar do reagrupamento do c\u00f4njuge, dos descendentes com menos de 21 anos de idade ou dos ascendentes com mais de 65 anos de idade. \u00c9 importante que o requerente seja titular de um cart\u00e3o de resid\u00eancia de longa dura\u00e7\u00e3o.<\/p>\n\n\n\n<p>Cristina encontrou todas as informa\u00e7\u00f5es para a apresenta\u00e7\u00e3o deste pedido no Portal da Imigra\u00e7\u00e3o do Minist\u00e9rio da Inclus\u00e3o, Seguran\u00e7a Social e Migra\u00e7\u00e3o do Governo de Espanha.<\/p>\n\n\n\n<h2 class=\"wp-block-heading\"><strong>Curiaras que valem ouro<\/strong><\/h2>\n\n\n\n<p>&nbsp;Cristina explica que os requisitos para ambos os procedimentos s\u00e3o semelhantes. No entanto, salienta o seguinte: \"Se tiver um familiar a cargo, tem de o provar, entre outras coisas, atrav\u00e9s do envio de remessas.<\/p>\n\n\n\n<p>\u00c9 uma utilizadora registada da Curiara e, desde o in\u00edcio, certificou-se de que as transfer\u00eancias de dinheiro para os seus familiares eram feitas entre 12 e 24 meses (diz-nos que cada procedimento tem uma frequ\u00eancia espec\u00edfica). O mais importante \u00e9 que o dinheiro seja enviado atrav\u00e9s de um meio autorizado, como a Curiara, que pode dar apoio jur\u00eddico. \"O montante deve ser equivalente a 10% do valor per capita do pa\u00eds de resid\u00eancia onde se encontra o seu familiar.<\/p>\n\n\n\n<p>Curiara \u00e9 uma empresa que possui todas as certifica\u00e7\u00f5es necess\u00e1rias para comprovar a legalidade do apoio econ\u00f3mico aos membros da fam\u00edlia. Nossas remessas geram recibos v\u00e1lidos para contribuir com o processo de reagrupamento.<\/p>\n\n\n\n<p>A hist\u00f3ria da fam\u00edlia S\u00e1ez-Castillo \u00e9 um modelo que pode inspirar muitos, o importante \u00e9 registar cada ajuda que envia aos seus familiares como um passo para estar mais perto dos seus entes queridos.<\/p>\n\n\n\n<p>Organize cada recibo das suas remessas, verifique os documentos a fornecer de acordo com o seu perfil e, com a ilus\u00e3o de poder reunir as suas pessoas, alcan\u00e7ar\u00e1 o seu objetivo. Pode sempre contar connosco!<\/p>\n\n\n\n<p>Recordamos que tamb\u00e9m pode contar com o aconselhamento da equipa da Tu Gesti\u00f3n Espa\u00f1a.<a href=\"https:\/\/tugestionespana.com\/\" rel=\"noreferrer noopener\" target=\"_blank\">&nbsp;https:\/\/tugestionespana.com\/<\/a>&nbsp;que poder\u00e1 orientar o processo.<\/p>\n\n\n\n<p>(Pode consultar o \u00edndice per capita da Venezuela clicando em&nbsp;<a href=\"https:\/\/www.indexmundi.com\/es\/datos\/venezuela\/pib-per-c%C3%A1pita)\" target=\"_blank\" rel=\"noreferrer noopener\">esta liga\u00e7\u00e3o<\/a>)<\/p>","protected":false},"excerpt":{"rendered":"<p>Cristina S\u00e1ez a\u00fan recuerda el d\u00eda en que sali\u00f3 de su casa y pens\u00f3: \u201cmam\u00e1, pap\u00e1, hermanos, familia\u2026 tengo que ir a buscar un mejor futuro para todos, para mi\u201d.&nbsp; Una decisi\u00f3n que represent\u00f3 una mezcla de emociones. Crecer, enfrentarse a un mundo que no conoc\u00eda, aprender muchas cosas nuevas. Tambi\u00e9n ese deseo recurrente de [&hellip;]<\/p>\n","protected":false},"author":6,"featured_media":142,"comment_status":"closed","ping_status":"closed","sticky":false,"template":"","format":"standard","meta":{"footnotes":""},"categories":[1],"tags":[],"class_list":["post-145","post","type-post","status-publish","format-standard","has-post-thumbnail","hentry","category-noticias"],"yoast_head":"<!-- This site is optimized with the Yoast SEO plugin v27.3 - https:\/\/yoast.com\/product\/yoast-seo-wordpress\/ -->\n<title>Reagrupaci\u00f3n familiar, un sue\u00f1o legalmente posible<\/title>\n<meta name=\"description\" content=\"Reagrupaci\u00f3n familiar, \u00bfes un sue\u00f1o legalmente posible? En nuestro blog te contamos historias de familias que han podido volver a juntarse.\" \/>\n<meta name=\"robots\" content=\"index, follow, max-snippet:-1, max-image-preview:large, max-video-preview:-1\" \/>\n<link rel=\"canonical\" href=\"https:\/\/curiara.com\/europa\/pt\/reagrupamento-familiar-um-sonho-legalmente-possivel\/\" \/>\n<meta property=\"og:locale\" content=\"pt_PT\" \/>\n<meta property=\"og:type\" content=\"article\" \/>\n<meta property=\"og:title\" content=\"Reagrupaci\u00f3n familiar, un sue\u00f1o legalmente posible\" \/>\n<meta property=\"og:description\" content=\"Reagrupaci\u00f3n familiar, \u00bfes un sue\u00f1o legalmente posible? En nuestro blog te contamos historias de familias que han podido volver a juntarse.\" \/>\n<meta property=\"og:url\" content=\"https:\/\/curiara.com\/europa\/pt\/reagrupamento-familiar-um-sonho-legalmente-possivel\/\" \/>\n<meta property=\"og:site_name\" content=\"Curiara EU\" \/>\n<meta property=\"article:publisher\" content=\"https:\/\/www.facebook.com\/enviatucuriara\/\" \/>\n<meta property=\"article:published_time\" content=\"2021-06-22T18:31:44+00:00\" \/>\n<meta property=\"article:modified_time\" content=\"2024-06-20T13:40:51+00:00\" \/>\n<meta property=\"og:image\" content=\"https:\/\/curiara.com\/europa\/wp-content\/uploads\/sites\/2\/2024\/05\/shutterstock_739881838-1080x675-1.jpg\" \/>\n\t<meta property=\"og:image:width\" content=\"1080\" \/>\n\t<meta property=\"og:image:height\" content=\"675\" \/>\n\t<meta property=\"og:image:type\" content=\"image\/jpeg\" \/>\n<meta name=\"author\" content=\"Equipo de Curiara\" \/>\n<meta name=\"twitter:card\" content=\"summary_large_image\" \/>\n<meta name=\"twitter:creator\" content=\"@enviatucuriara\" \/>\n<meta name=\"twitter:site\" content=\"@enviatucuriara\" \/>\n<meta name=\"twitter:label1\" content=\"Escrito por\" \/>\n\t<meta name=\"twitter:data1\" content=\"Equipo de Curiara\" \/>\n\t<meta name=\"twitter:label2\" content=\"Tempo estimado de leitura\" \/>\n\t<meta name=\"twitter:data2\" content=\"3 minutos\" \/>\n<script type=\"application\/ld+json\" class=\"yoast-schema-graph\">{\"@context\":\"https:\\\/\\\/schema.org\",\"@graph\":[{\"@type\":\"Article\",\"@id\":\"https:\\\/\\\/curiara.com\\\/europa\\\/reagrupacion-familiar-un-sueno-legalmente-posible\\\/#article\",\"isPartOf\":{\"@id\":\"https:\\\/\\\/curiara.com\\\/europa\\\/reagrupacion-familiar-un-sueno-legalmente-posible\\\/\"},\"author\":{\"name\":\"Equipo de Curiara\",\"@id\":\"https:\\\/\\\/curiara.com\\\/europa\\\/#\\\/schema\\\/person\\\/b87d7bdac114e42a324107f992f426b8\"},\"headline\":\"Reagrupaci\u00f3n familiar, un sue\u00f1o legalmente posible\",\"datePublished\":\"2021-06-22T18:31:44+00:00\",\"dateModified\":\"2024-06-20T13:40:51+00:00\",\"mainEntityOfPage\":{\"@id\":\"https:\\\/\\\/curiara.com\\\/europa\\\/reagrupacion-familiar-un-sueno-legalmente-posible\\\/\"},\"wordCount\":672,\"publisher\":{\"@id\":\"https:\\\/\\\/curiara.com\\\/europa\\\/#organization\"},\"image\":{\"@id\":\"https:\\\/\\\/curiara.com\\\/europa\\\/reagrupacion-familiar-un-sueno-legalmente-posible\\\/#primaryimage\"},\"thumbnailUrl\":\"https:\\\/\\\/curiara.com\\\/europa\\\/wp-content\\\/uploads\\\/sites\\\/2\\\/2024\\\/05\\\/shutterstock_739881838-1080x675-1.jpg\",\"articleSection\":[\"Noticias\"],\"inLanguage\":\"pt-PT\"},{\"@type\":\"WebPage\",\"@id\":\"https:\\\/\\\/curiara.com\\\/europa\\\/reagrupacion-familiar-un-sueno-legalmente-posible\\\/\",\"url\":\"https:\\\/\\\/curiara.com\\\/europa\\\/reagrupacion-familiar-un-sueno-legalmente-posible\\\/\",\"name\":\"Reagrupaci\u00f3n familiar, un sue\u00f1o legalmente posible\",\"isPartOf\":{\"@id\":\"https:\\\/\\\/curiara.com\\\/europa\\\/#website\"},\"primaryImageOfPage\":{\"@id\":\"https:\\\/\\\/curiara.com\\\/europa\\\/reagrupacion-familiar-un-sueno-legalmente-posible\\\/#primaryimage\"},\"image\":{\"@id\":\"https:\\\/\\\/curiara.com\\\/europa\\\/reagrupacion-familiar-un-sueno-legalmente-posible\\\/#primaryimage\"},\"thumbnailUrl\":\"https:\\\/\\\/curiara.com\\\/europa\\\/wp-content\\\/uploads\\\/sites\\\/2\\\/2024\\\/05\\\/shutterstock_739881838-1080x675-1.jpg\",\"datePublished\":\"2021-06-22T18:31:44+00:00\",\"dateModified\":\"2024-06-20T13:40:51+00:00\",\"description\":\"Reagrupaci\u00f3n familiar, \u00bfes un sue\u00f1o legalmente posible? En nuestro blog te contamos historias de familias que han podido volver a juntarse.\",\"breadcrumb\":{\"@id\":\"https:\\\/\\\/curiara.com\\\/europa\\\/reagrupacion-familiar-un-sueno-legalmente-posible\\\/#breadcrumb\"},\"inLanguage\":\"pt-PT\",\"potentialAction\":[{\"@type\":\"ReadAction\",\"target\":[\"https:\\\/\\\/curiara.com\\\/europa\\\/reagrupacion-familiar-un-sueno-legalmente-posible\\\/\"]}]},{\"@type\":\"ImageObject\",\"inLanguage\":\"pt-PT\",\"@id\":\"https:\\\/\\\/curiara.com\\\/europa\\\/reagrupacion-familiar-un-sueno-legalmente-posible\\\/#primaryimage\",\"url\":\"https:\\\/\\\/curiara.com\\\/europa\\\/wp-content\\\/uploads\\\/sites\\\/2\\\/2024\\\/05\\\/shutterstock_739881838-1080x675-1.jpg\",\"contentUrl\":\"https:\\\/\\\/curiara.com\\\/europa\\\/wp-content\\\/uploads\\\/sites\\\/2\\\/2024\\\/05\\\/shutterstock_739881838-1080x675-1.jpg\",\"width\":1080,\"height\":675,\"caption\":\"Reagrupaci\u00f3n familiar, un sue\u00f1o legalmente posible\"},{\"@type\":\"BreadcrumbList\",\"@id\":\"https:\\\/\\\/curiara.com\\\/europa\\\/reagrupacion-familiar-un-sueno-legalmente-posible\\\/#breadcrumb\",\"itemListElement\":[{\"@type\":\"ListItem\",\"position\":1,\"name\":\"Portada\",\"item\":\"https:\\\/\\\/curiara.com\\\/europa\\\/\"},{\"@type\":\"ListItem\",\"position\":2,\"name\":\"Reagrupaci\u00f3n familiar, un sue\u00f1o legalmente posible\"}]},{\"@type\":\"WebSite\",\"@id\":\"https:\\\/\\\/curiara.com\\\/europa\\\/#website\",\"url\":\"https:\\\/\\\/curiara.com\\\/europa\\\/\",\"name\":\"Curiara\",\"description\":\"Env\u00eda remesas, de Europa a Venezuela, con confianza y con la tasa m\u00e1s competitiva del mercado. Seguro, f\u00e1cil, r\u00e1pido. As\u00ed es Curiara.\",\"publisher\":{\"@id\":\"https:\\\/\\\/curiara.com\\\/europa\\\/#organization\"},\"alternateName\":\"Curiara\",\"potentialAction\":[{\"@type\":\"SearchAction\",\"target\":{\"@type\":\"EntryPoint\",\"urlTemplate\":\"https:\\\/\\\/curiara.com\\\/europa\\\/?s={search_term_string}\"},\"query-input\":{\"@type\":\"PropertyValueSpecification\",\"valueRequired\":true,\"valueName\":\"search_term_string\"}}],\"inLanguage\":\"pt-PT\"},{\"@type\":\"Organization\",\"@id\":\"https:\\\/\\\/curiara.com\\\/europa\\\/#organization\",\"name\":\"Curiara\",\"alternateName\":\"Curiara\",\"url\":\"https:\\\/\\\/curiara.com\\\/europa\\\/\",\"logo\":{\"@type\":\"ImageObject\",\"inLanguage\":\"pt-PT\",\"@id\":\"https:\\\/\\\/curiara.com\\\/europa\\\/#\\\/schema\\\/logo\\\/image\\\/\",\"url\":\"https:\\\/\\\/curiara.com\\\/europa\\\/wp-content\\\/uploads\\\/sites\\\/2\\\/2024\\\/05\\\/Logo-Europa.svg\",\"contentUrl\":\"https:\\\/\\\/curiara.com\\\/europa\\\/wp-content\\\/uploads\\\/sites\\\/2\\\/2024\\\/05\\\/Logo-Europa.svg\",\"width\":984,\"height\":271,\"caption\":\"Curiara\"},\"image\":{\"@id\":\"https:\\\/\\\/curiara.com\\\/europa\\\/#\\\/schema\\\/logo\\\/image\\\/\"},\"sameAs\":[\"https:\\\/\\\/www.facebook.com\\\/enviatucuriara\\\/\",\"https:\\\/\\\/x.com\\\/enviatucuriara\",\"https:\\\/\\\/www.instagram.com\\\/enviatucuriara\\\/?hl=es\",\"https:\\\/\\\/www.linkedin.com\\\/company\\\/curiara\\\/\"]},{\"@type\":\"Person\",\"@id\":\"https:\\\/\\\/curiara.com\\\/europa\\\/#\\\/schema\\\/person\\\/b87d7bdac114e42a324107f992f426b8\",\"name\":\"Equipo de Curiara\",\"image\":{\"@type\":\"ImageObject\",\"inLanguage\":\"pt-PT\",\"@id\":\"https:\\\/\\\/secure.gravatar.com\\\/avatar\\\/3a51cef0e3b9907fb4f9caa9e3ee4ecd5713c5512af68c65a1d5b71f43ce3bf9?s=96&d=mm&r=g\",\"url\":\"https:\\\/\\\/secure.gravatar.com\\\/avatar\\\/3a51cef0e3b9907fb4f9caa9e3ee4ecd5713c5512af68c65a1d5b71f43ce3bf9?s=96&d=mm&r=g\",\"contentUrl\":\"https:\\\/\\\/secure.gravatar.com\\\/avatar\\\/3a51cef0e3b9907fb4f9caa9e3ee4ecd5713c5512af68c65a1d5b71f43ce3bf9?s=96&d=mm&r=g\",\"caption\":\"Equipo de Curiara\"},\"description\":\"\\\"Especialistas en soluciones financieras y env\u00edo de remesas en Curiara. Nuestro equipo se dedica a facilitar procesos de env\u00edo de dinero a Venezuela de forma r\u00e1pida, segura y transparente, ayudando a conectar familias y fortalecer la econom\u00eda de nuestros usuarios. Trabajamos para ofrecer env\u00edos internacionales con total confianza.\",\"sameAs\":[\"https:\\\/\\\/curiara.com\\\/quienes-somos\\\/\",\"https:\\\/\\\/www.instagram.com\\\/enviatucuriara\\\/\",\"https:\\\/\\\/www.linkedin.com\\\/company\\\/curiara\\\/\"]}]}<\/script>\n<!-- \/ Yoast SEO plugin. -->","yoast_head_json":{"title":"Reagrupamento familiar, um sonho legalmente poss\u00edvel","description":"O reagrupamento familiar \u00e9 um sonho legalmente poss\u00edvel? No nosso blogue, contamos-lhe hist\u00f3rias de fam\u00edlias que conseguiram reunir-se.","robots":{"index":"index","follow":"follow","max-snippet":"max-snippet:-1","max-image-preview":"max-image-preview:large","max-video-preview":"max-video-preview:-1"},"canonical":"https:\/\/curiara.com\/europa\/pt\/reagrupamento-familiar-um-sonho-legalmente-possivel\/","og_locale":"pt_PT","og_type":"article","og_title":"Reagrupaci\u00f3n familiar, un sue\u00f1o legalmente posible","og_description":"Reagrupaci\u00f3n familiar, \u00bfes un sue\u00f1o legalmente posible? En nuestro blog te contamos historias de familias que han podido volver a juntarse.","og_url":"https:\/\/curiara.com\/europa\/pt\/reagrupamento-familiar-um-sonho-legalmente-possivel\/","og_site_name":"Curiara EU","article_publisher":"https:\/\/www.facebook.com\/enviatucuriara\/","article_published_time":"2021-06-22T18:31:44+00:00","article_modified_time":"2024-06-20T13:40:51+00:00","og_image":[{"width":1080,"height":675,"url":"https:\/\/curiara.com\/europa\/wp-content\/uploads\/sites\/2\/2024\/05\/shutterstock_739881838-1080x675-1.jpg","type":"image\/jpeg"}],"author":"Equipo de Curiara","twitter_card":"summary_large_image","twitter_creator":"@enviatucuriara","twitter_site":"@enviatucuriara","twitter_misc":{"Escrito por":"Equipo de Curiara","Tempo estimado de leitura":"3 minutos"},"schema":{"@context":"https:\/\/schema.org","@graph":[{"@type":"Article","@id":"https:\/\/curiara.com\/europa\/reagrupacion-familiar-un-sueno-legalmente-posible\/#article","isPartOf":{"@id":"https:\/\/curiara.com\/europa\/reagrupacion-familiar-un-sueno-legalmente-posible\/"},"author":{"name":"Equipo de Curiara","@id":"https:\/\/curiara.com\/europa\/#\/schema\/person\/b87d7bdac114e42a324107f992f426b8"},"headline":"Reagrupaci\u00f3n familiar, un sue\u00f1o legalmente posible","datePublished":"2021-06-22T18:31:44+00:00","dateModified":"2024-06-20T13:40:51+00:00","mainEntityOfPage":{"@id":"https:\/\/curiara.com\/europa\/reagrupacion-familiar-un-sueno-legalmente-posible\/"},"wordCount":672,"publisher":{"@id":"https:\/\/curiara.com\/europa\/#organization"},"image":{"@id":"https:\/\/curiara.com\/europa\/reagrupacion-familiar-un-sueno-legalmente-posible\/#primaryimage"},"thumbnailUrl":"https:\/\/curiara.com\/europa\/wp-content\/uploads\/sites\/2\/2024\/05\/shutterstock_739881838-1080x675-1.jpg","articleSection":["Noticias"],"inLanguage":"pt-PT"},{"@type":"WebPage","@id":"https:\/\/curiara.com\/europa\/reagrupacion-familiar-un-sueno-legalmente-posible\/","url":"https:\/\/curiara.com\/europa\/reagrupacion-familiar-un-sueno-legalmente-posible\/","name":"Reagrupamento familiar, um sonho legalmente poss\u00edvel","isPartOf":{"@id":"https:\/\/curiara.com\/europa\/#website"},"primaryImageOfPage":{"@id":"https:\/\/curiara.com\/europa\/reagrupacion-familiar-un-sueno-legalmente-posible\/#primaryimage"},"image":{"@id":"https:\/\/curiara.com\/europa\/reagrupacion-familiar-un-sueno-legalmente-posible\/#primaryimage"},"thumbnailUrl":"https:\/\/curiara.com\/europa\/wp-content\/uploads\/sites\/2\/2024\/05\/shutterstock_739881838-1080x675-1.jpg","datePublished":"2021-06-22T18:31:44+00:00","dateModified":"2024-06-20T13:40:51+00:00","description":"O reagrupamento familiar \u00e9 um sonho legalmente poss\u00edvel? No nosso blogue, contamos-lhe hist\u00f3rias de fam\u00edlias que conseguiram reunir-se.","breadcrumb":{"@id":"https:\/\/curiara.com\/europa\/reagrupacion-familiar-un-sueno-legalmente-posible\/#breadcrumb"},"inLanguage":"pt-PT","potentialAction":[{"@type":"ReadAction","target":["https:\/\/curiara.com\/europa\/reagrupacion-familiar-un-sueno-legalmente-posible\/"]}]},{"@type":"ImageObject","inLanguage":"pt-PT","@id":"https:\/\/curiara.com\/europa\/reagrupacion-familiar-un-sueno-legalmente-posible\/#primaryimage","url":"https:\/\/curiara.com\/europa\/wp-content\/uploads\/sites\/2\/2024\/05\/shutterstock_739881838-1080x675-1.jpg","contentUrl":"https:\/\/curiara.com\/europa\/wp-content\/uploads\/sites\/2\/2024\/05\/shutterstock_739881838-1080x675-1.jpg","width":1080,"height":675,"caption":"Reagrupaci\u00f3n familiar, un sue\u00f1o legalmente posible"},{"@type":"BreadcrumbList","@id":"https:\/\/curiara.com\/europa\/reagrupacion-familiar-un-sueno-legalmente-posible\/#breadcrumb","itemListElement":[{"@type":"ListItem","position":1,"name":"Portada","item":"https:\/\/curiara.com\/europa\/"},{"@type":"ListItem","position":2,"name":"Reagrupaci\u00f3n familiar, un sue\u00f1o legalmente posible"}]},{"@type":"WebSite","@id":"https:\/\/curiara.com\/europa\/#website","url":"https:\/\/curiara.com\/europa\/","name":"Curiara","description":"Envie remessas, da Europa para a Venezuela, com confian\u00e7a e \u00e0 taxa mais competitiva do mercado. Seguro, f\u00e1cil e r\u00e1pido. Essa \u00e9 a Curiara.","publisher":{"@id":"https:\/\/curiara.com\/europa\/#organization"},"alternateName":"Curiara","potentialAction":[{"@type":"SearchAction","target":{"@type":"EntryPoint","urlTemplate":"https:\/\/curiara.com\/europa\/?s={search_term_string}"},"query-input":{"@type":"PropertyValueSpecification","valueRequired":true,"valueName":"search_term_string"}}],"inLanguage":"pt-PT"},{"@type":"Organization","@id":"https:\/\/curiara.com\/europa\/#organization","name":"Curiara","alternateName":"Curiara","url":"https:\/\/curiara.com\/europa\/","logo":{"@type":"ImageObject","inLanguage":"pt-PT","@id":"https:\/\/curiara.com\/europa\/#\/schema\/logo\/image\/","url":"https:\/\/curiara.com\/europa\/wp-content\/uploads\/sites\/2\/2024\/05\/Logo-Europa.svg","contentUrl":"https:\/\/curiara.com\/europa\/wp-content\/uploads\/sites\/2\/2024\/05\/Logo-Europa.svg","width":984,"height":271,"caption":"Curiara"},"image":{"@id":"https:\/\/curiara.com\/europa\/#\/schema\/logo\/image\/"},"sameAs":["https:\/\/www.facebook.com\/enviatucuriara\/","https:\/\/x.com\/enviatucuriara","https:\/\/www.instagram.com\/enviatucuriara\/?hl=es","https:\/\/www.linkedin.com\/company\/curiara\/"]},{"@type":"Person","@id":"https:\/\/curiara.com\/europa\/#\/schema\/person\/b87d7bdac114e42a324107f992f426b8","name":"Equipo de Curiara","image":{"@type":"ImageObject","inLanguage":"pt-PT","@id":"https:\/\/secure.gravatar.com\/avatar\/3a51cef0e3b9907fb4f9caa9e3ee4ecd5713c5512af68c65a1d5b71f43ce3bf9?s=96&d=mm&r=g","url":"https:\/\/secure.gravatar.com\/avatar\/3a51cef0e3b9907fb4f9caa9e3ee4ecd5713c5512af68c65a1d5b71f43ce3bf9?s=96&d=mm&r=g","contentUrl":"https:\/\/secure.gravatar.com\/avatar\/3a51cef0e3b9907fb4f9caa9e3ee4ecd5713c5512af68c65a1d5b71f43ce3bf9?s=96&d=mm&r=g","caption":"Equipo de Curiara"},"description":"\"Especialistas en soluciones financieras y env\u00edo de remesas en Curiara. Nuestro equipo se dedica a facilitar procesos de env\u00edo de dinero a Venezuela de forma r\u00e1pida, segura y transparente, ayudando a conectar familias y fortalecer la econom\u00eda de nuestros usuarios. Trabajamos para ofrecer env\u00edos internacionales con total confianza.","sameAs":["https:\/\/curiara.com\/quienes-somos\/","https:\/\/www.instagram.com\/enviatucuriara\/","https:\/\/www.linkedin.com\/company\/curiara\/"]}]}},"_links":{"self":[{"href":"https:\/\/curiara.com\/europa\/pt\/wp-json\/wp\/v2\/posts\/145","targetHints":{"allow":["GET"]}}],"collection":[{"href":"https:\/\/curiara.com\/europa\/pt\/wp-json\/wp\/v2\/posts"}],"about":[{"href":"https:\/\/curiara.com\/europa\/pt\/wp-json\/wp\/v2\/types\/post"}],"author":[{"embeddable":true,"href":"https:\/\/curiara.com\/europa\/pt\/wp-json\/wp\/v2\/users\/6"}],"replies":[{"embeddable":true,"href":"https:\/\/curiara.com\/europa\/pt\/wp-json\/wp\/v2\/comments?post=145"}],"version-history":[{"count":2,"href":"https:\/\/curiara.com\/europa\/pt\/wp-json\/wp\/v2\/posts\/145\/revisions"}],"predecessor-version":[{"id":289,"href":"https:\/\/curiara.com\/europa\/pt\/wp-json\/wp\/v2\/posts\/145\/revisions\/289"}],"wp:featuredmedia":[{"embeddable":true,"href":"https:\/\/curiara.com\/europa\/pt\/wp-json\/wp\/v2\/media\/142"}],"wp:attachment":[{"href":"https:\/\/curiara.com\/europa\/pt\/wp-json\/wp\/v2\/media?parent=145"}],"wp:term":[{"taxonomy":"category","embeddable":true,"href":"https:\/\/curiara.com\/europa\/pt\/wp-json\/wp\/v2\/categories?post=145"},{"taxonomy":"post_tag","embeddable":true,"href":"https:\/\/curiara.com\/europa\/pt\/wp-json\/wp\/v2\/tags?post=145"}],"curies":[{"name":"wp","href":"https:\/\/api.w.org\/{rel}","templated":true}]}}